{"id":1568,"date":"2024-07-16T21:28:45","date_gmt":"2024-07-16T21:28:45","guid":{"rendered":"https:\/\/chiledual.cl\/web2024\/?p=1568"},"modified":"2024-10-08T10:56:35","modified_gmt":"2024-10-08T10:56:35","slug":"fin-ciclo-capacitaciones-con-compania-minera-del-pacifico-en-atacama","status":"publish","type":"post","link":"https:\/\/chiledual.cl\/web2024\/fin-ciclo-capacitaciones-con-compania-minera-del-pacifico-en-atacama\/","title":{"rendered":"Fin ciclo capacitaciones con Compa\u00f1\u00eda Minera del Pac\u00edfico en Atacama"},"content":{"rendered":"\t\t<div data-elementor-type=\"wp-post\" data-elementor-id=\"1568\" class=\"elementor elementor-1568\">\n\t\t\t\t\t\t<section class=\"elementor-section elementor-top-section elementor-element elementor-element-4f8c133 elementor-section-boxed elementor-section-height-default elementor-section-height-default\" data-id=\"4f8c133\" data-element_type=\"section\">\r\n\t\t\t\t\t\t<div class=\"elementor-container elementor-column-gap-thegem\"><div class=\"elementor-row\">\r\n\t\t\t\t\t<div class=\"elementor-column elementor-col-100 elementor-top-column elementor-element elementor-element-6d4891c\" data-id=\"6d4891c\" data-element_type=\"column\">\n\t\t\t<div class=\"elementor-widget-wrap elementor-element-populated\">\n\t\t\t\t\t\t<div class=\"elementor-element elementor-element-3b3d7e3 flex-horizontal-align-default flex-horizontal-align-tablet-default flex-horizontal-align-mobile-default flex-vertical-align-default flex-vertical-align-tablet-default flex-vertical-align-mobile-default elementor-widget elementor-widget-text-editor\" data-id=\"3b3d7e3\" data-element_type=\"widget\" data-widget_type=\"text-editor.default\">\n\t\t\t\t<div class=\"elementor-widget-container\">\n\t\t\t<style>\/*! elementor - v3.22.0 - 26-06-2024 *\/\n.elementor-widget-text-editor.elementor-drop-cap-view-stacked .elementor-drop-cap{background-color:#69727d;color:#fff}.elementor-widget-text-editor.elementor-drop-cap-view-framed .elementor-drop-cap{color:#69727d;border:3px solid;background-color:transparent}.elementor-widget-text-editor:not(.elementor-drop-cap-view-default) .elementor-drop-cap{margin-top:8px}.elementor-widget-text-editor:not(.elementor-drop-cap-view-default) .elementor-drop-cap-letter{width:1em;height:1em}.elementor-widget-text-editor .elementor-drop-cap{float:left;text-align:center;line-height:1;font-size:50px}.elementor-widget-text-editor .elementor-drop-cap-letter{display:inline-block}<\/style>\t\t\t\t\t\t\t<div class=\"elementor-text-editor elementor-clearfix\">\r\n\t\t\t\t\t\tCon una jornada de trabajo simult\u00e1neo en Copiap\u00f3 y Vallenar, termina el ciclo de capacitaci\u00f3n de Maestros Gu\u00eda en Atacama, en el proyecto de la Compa\u00f1\u00eda Minera del Pac\u00edfico.\n<br><br>\nMientras esta semana se termina el mes de mayo, tambi\u00e9n termina nuestro ciclo de capacitaciones para #MaestrosGu\u00edas del proyecto CMP en Atacama.\nParticiparon t\u00e9cnicos de las plantas Magnetita , Cerro Negro, Pelet y Cerro Colorado, adem\u00e1s de profesores tutores de los liceos Jorge Alessandri de Tierra amarilla, El Palomar de Copiap\u00f3 y Jos\u00e9 Santos Ossa de Vallenar.\n<br><br>\nEl \u00e9nfasis de la jornada estuvo en los Planes de Aprendizajes que cpnectan el plan curricular de los jovenes con actividades en la empresa, y cont\u00f3 con la participaci\u00f3n de la Jefa del proyecto Laura Brice\u00f1o.\nEl proyecto de formaci\u00f3n dual de CMP favorece a 24 estudiantes, mayoritariamente ni\u00f1as de 3\u00b0 y 4\u00b0 medio de los 3 liceos mencionados.<br>\n#chd #ChileDual\t\t\t\t\t\t\t<\/div>\r\n\t\t\t\t\t\t\t\t<\/div>\n\t\t\t\t<\/div>\n\t\t\t\t\t<\/div>\n\t\t<\/div>\n\t\t\t\t\t<\/div><\/div>\r\n\t\t<\/section>\r\n\t\t\t\t<\/div>\n\t\t","protected":false},"excerpt":{"rendered":"<p>Con una jornada de trabajo simult\u00e1neo en Copiap\u00f3 y Vallenar, termina el ciclo de capacitaci\u00f3n de Maestros Gu\u00eda en Atacama, en el proyecto de la Compa\u00f1\u00eda Minera del Pac\u00edfico.<\/p>\n","protected":false},"author":3,"featured_media":1569,"comment_status":"closed","ping_status":"closed","sticky":false,"template":"","format":"standard","meta":{"_monsterinsights_skip_tracking":false,"_monsterinsights_sitenote_active":false,"_monsterinsights_sitenote_note":"","_monsterinsights_sitenote_category":0,"footnotes":""},"categories":[19],"tags":[],"class_list":{"0":"post-1568","1":"post","2":"type-post","3":"status-publish","4":"format-standard","5":"has-post-thumbnail","7":"category-capacitaciones"},"menu_order":0,"_links":{"self":[{"href":"https:\/\/chiledual.cl\/web2024\/wp-json\/wp\/v2\/posts\/1568","targetHints":{"allow":["GET"]}}],"collection":[{"href":"https:\/\/chiledual.cl\/web2024\/wp-json\/wp\/v2\/posts"}],"about":[{"href":"https:\/\/chiledual.cl\/web2024\/wp-json\/wp\/v2\/types\/post"}],"author":[{"embeddable":true,"href":"https:\/\/chiledual.cl\/web2024\/wp-json\/wp\/v2\/users\/3"}],"replies":[{"embeddable":true,"href":"https:\/\/chiledual.cl\/web2024\/wp-json\/wp\/v2\/comments?post=1568"}],"version-history":[{"count":7,"href":"https:\/\/chiledual.cl\/web2024\/wp-json\/wp\/v2\/posts\/1568\/revisions"}],"predecessor-version":[{"id":1576,"href":"https:\/\/chiledual.cl\/web2024\/wp-json\/wp\/v2\/posts\/1568\/revisions\/1576"}],"wp:featuredmedia":[{"embeddable":true,"href":"https:\/\/chiledual.cl\/web2024\/wp-json\/wp\/v2\/media\/1569"}],"wp:attachment":[{"href":"https:\/\/chiledual.cl\/web2024\/wp-json\/wp\/v2\/media?parent=1568"}],"wp:term":[{"taxonomy":"category","embeddable":true,"href":"https:\/\/chiledual.cl\/web2024\/wp-json\/wp\/v2\/categories?post=1568"},{"taxonomy":"post_tag","embeddable":true,"href":"https:\/\/chiledual.cl\/web2024\/wp-json\/wp\/v2\/tags?post=1568"}],"curies":[{"name":"wp","href":"https:\/\/api.w.org\/{rel}","templated":true}]}}