{"id":1577,"date":"2024-07-16T21:33:25","date_gmt":"2024-07-16T21:33:25","guid":{"rendered":"https:\/\/chiledual.cl\/web2024\/?p=1577"},"modified":"2024-10-08T10:56:17","modified_gmt":"2024-10-08T10:56:17","slug":"electromovilidad-astara-entrega-5ta-actualizacion-para-16-docentes-de-mecanica-automotriz","status":"publish","type":"post","link":"https:\/\/chiledual.cl\/web2024\/electromovilidad-astara-entrega-5ta-actualizacion-para-16-docentes-de-mecanica-automotriz\/","title":{"rendered":"Electromovilidad: Astara entrega 5ta actualizaci\u00f3n para 16 docentes de Mec\u00e1nica Automotriz"},"content":{"rendered":"\t\t<div data-elementor-type=\"wp-post\" data-elementor-id=\"1577\" class=\"elementor elementor-1577\">\n\t\t\t\t\t\t<section class=\"elementor-section elementor-top-section elementor-element elementor-element-4f8c133 elementor-section-boxed elementor-section-height-default elementor-section-height-default\" data-id=\"4f8c133\" data-element_type=\"section\">\r\n\t\t\t\t\t\t<div class=\"elementor-container elementor-column-gap-thegem\"><div class=\"elementor-row\">\r\n\t\t\t\t\t<div class=\"elementor-column elementor-col-100 elementor-top-column elementor-element elementor-element-6d4891c\" data-id=\"6d4891c\" data-element_type=\"column\">\n\t\t\t<div class=\"elementor-widget-wrap elementor-element-populated\">\n\t\t\t\t\t\t<div class=\"elementor-element elementor-element-3b3d7e3 flex-horizontal-align-default flex-horizontal-align-tablet-default flex-horizontal-align-mobile-default flex-vertical-align-default flex-vertical-align-tablet-default flex-vertical-align-mobile-default elementor-widget elementor-widget-text-editor\" data-id=\"3b3d7e3\" data-element_type=\"widget\" data-widget_type=\"text-editor.default\">\n\t\t\t\t<div class=\"elementor-widget-container\">\n\t\t\t<style>\/*! elementor - v3.22.0 - 26-06-2024 *\/\n.elementor-widget-text-editor.elementor-drop-cap-view-stacked .elementor-drop-cap{background-color:#69727d;color:#fff}.elementor-widget-text-editor.elementor-drop-cap-view-framed .elementor-drop-cap{color:#69727d;border:3px solid;background-color:transparent}.elementor-widget-text-editor:not(.elementor-drop-cap-view-default) .elementor-drop-cap{margin-top:8px}.elementor-widget-text-editor:not(.elementor-drop-cap-view-default) .elementor-drop-cap-letter{width:1em;height:1em}.elementor-widget-text-editor .elementor-drop-cap{float:left;text-align:center;line-height:1;font-size:50px}.elementor-widget-text-editor .elementor-drop-cap-letter{display:inline-block}<\/style>\t\t\t\t\t\t\t<div class=\"elementor-text-editor elementor-clearfix\">\r\n\t\t\t\t\t\tComo parte del compromiso de apoyar la educaci\u00f3n T\u00e9cnica Profesional que la empresa Astara mantiene hace m\u00e1s de 10 a\u00f1os, abri\u00f3 sus puertas una vez m\u00e1s para recibir docentes y entregar herramientas y conocimientos actuales para que sean traspasados a sus estudiantes.\n<br><br>\nLa empresa automotriz Astara recibi\u00f3 por quinta vez en 3 a\u00f1os un grupo de profesores de Mec\u00e1nica Automotriz de la RM y alrededores, para entregarles una actualizaci\u00f3n en materia de #Electromovilidad, la tecnolog\u00eda automotriz que se instal\u00f3 en Chile y el mundo, y que hoy no se est\u00e1 ense\u00f1ando en los colegios T\u00e9cnicos Profesionales.\n<br><br>\nJustamente por este motivo, Fundaci\u00f3n Chile Dual junto a Astara han dise\u00f1ado un programa de actualizaci\u00f3n docente en la que los profesores pueden visitar las instalaciones de la empresa y experimentar de cerca la tecnolog\u00eda en electromovilidad, de la mano de un t\u00e9cnico experto en la materia.\t\t\t\t\t\t\t<\/div>\r\n\t\t\t\t\t\t\t\t<\/div>\n\t\t\t\t<\/div>\n\t\t\t\t<section class=\"elementor-section elementor-inner-section elementor-element elementor-element-2dc577b elementor-section-boxed elementor-section-height-default elementor-section-height-default\" data-id=\"2dc577b\" data-element_type=\"section\">\r\n\t\t\t\t\t\t<div class=\"elementor-container elementor-column-gap-thegem\"><div class=\"elementor-row\">\r\n\t\t\t\t\t<div class=\"elementor-column elementor-col-50 elementor-inner-column elementor-element elementor-element-a495528\" data-id=\"a495528\" data-element_type=\"column\">\n\t\t\t<div class=\"elementor-widget-wrap elementor-element-populated\">\n\t\t\t\t\t\t<div class=\"elementor-element elementor-element-221d4ea flex-horizontal-align-default flex-horizontal-align-tablet-default flex-horizontal-align-mobile-default flex-vertical-align-default flex-vertical-align-tablet-default flex-vertical-align-mobile-default elementor-widget elementor-widget-image\" data-id=\"221d4ea\" data-element_type=\"widget\" data-widget_type=\"image.default\">\n\t\t\t\t<div class=\"elementor-widget-container\">\n\t\t\t<style>\/*! elementor - v3.22.0 - 26-06-2024 *\/\n.elementor-widget-image{text-align:center}.elementor-widget-image a{display:inline-block}.elementor-widget-image a img[src$=\".svg\"]{width:48px}.elementor-widget-image img{vertical-align:middle;display:inline-block}<\/style>\t\t\t\t\t\t\t\t\t\t<img fetchpriority=\"high\" width=\"1024\" height=\"768\" src=\"https:\/\/chiledual.cl\/web2024\/wp-content\/uploads\/2024\/07\/electro-mayo-4-2048x1536-1-1024x768.jpg\" class=\"attachment-large size-large wp-image-1581\" alt=\"\" srcset=\"https:\/\/chiledual.cl\/web2024\/wp-content\/uploads\/2024\/07\/electro-mayo-4-2048x1536-1-1024x768.jpg 1024w, https:\/\/chiledual.cl\/web2024\/wp-content\/uploads\/2024\/07\/electro-mayo-4-2048x1536-1-300x225.jpg 300w, https:\/\/chiledual.cl\/web2024\/wp-content\/uploads\/2024\/07\/electro-mayo-4-2048x1536-1-768x576.jpg 768w, https:\/\/chiledual.cl\/web2024\/wp-content\/uploads\/2024\/07\/electro-mayo-4-2048x1536-1-1536x1152.jpg 1536w, https:\/\/chiledual.cl\/web2024\/wp-content\/uploads\/2024\/07\/electro-mayo-4-2048x1536-1.jpg 2048w\" sizes=\"(max-width: 1024px) 100vw, 1024px\" \/>\t\t\t\t\t\t\t\t\t\t\t\t\t<\/div>\n\t\t\t\t<\/div>\n\t\t\t\t\t<\/div>\n\t\t<\/div>\n\t\t\t\t<div class=\"elementor-column elementor-col-50 elementor-inner-column elementor-element elementor-element-5059f57\" data-id=\"5059f57\" data-element_type=\"column\">\n\t\t\t<div class=\"elementor-widget-wrap elementor-element-populated\">\n\t\t\t\t\t\t<div class=\"elementor-element elementor-element-275f267 flex-horizontal-align-default flex-horizontal-align-tablet-default flex-horizontal-align-mobile-default flex-vertical-align-default flex-vertical-align-tablet-default flex-vertical-align-mobile-default elementor-widget elementor-widget-text-editor\" data-id=\"275f267\" data-element_type=\"widget\" data-widget_type=\"text-editor.default\">\n\t\t\t\t<div class=\"elementor-widget-container\">\n\t\t\t\t\t\t\t\t\t\t<div class=\"elementor-text-editor elementor-clearfix\">\r\n\t\t\t\t\t\tLa electromovilidad es la alternativa a los combustibles f\u00f3siles como fuente de energ\u00eda motriz, y ya es el est\u00e1ndar en Europa y avanza r\u00e1pidamente al resto del mundo. En nuestro pa\u00eds, sin embargo, los planes de estudio para liceos no incluyen esta tecnolog\u00eda, raz\u00f3n por la cual esta alianza entre empresa y liceo es una excelente oportunidad para actualizar los contenidos que los profesores traspasan a sus estudiantes.\n<br><br>\nEl plan de Astara es impactar la mayor cantidad de liceos en la RM, aunque tambi\u00e9n se ha realizado esta experiencia en otras regiones del pa\u00eds. En esta, su quinta versi\u00f3n, se trabaj\u00f3 con 16 docentes, representando 11 liceos de la RM y 1 de Rengo.\n<br><br>\nLos docentes pasaron 2 jornadas en la planta de Astara en Pudahuel, donde pudieron conocer veh\u00edculos electrom\u00f3viles, y recibir informaci\u00f3n y charlas t\u00e9cnicas sobre la materia.\t\t\t\t\t\t\t<\/div>\r\n\t\t\t\t\t\t\t\t<\/div>\n\t\t\t\t<\/div>\n\t\t\t\t\t<\/div>\n\t\t<\/div>\n\t\t\t\t\t<\/div><\/div>\r\n\t\t<\/section>\r\n\t\t\t\t<section class=\"elementor-section elementor-inner-section elementor-element elementor-element-dafc57d elementor-section-boxed elementor-section-height-default elementor-section-height-default\" data-id=\"dafc57d\" data-element_type=\"section\">\r\n\t\t\t\t\t\t<div class=\"elementor-container elementor-column-gap-thegem\"><div class=\"elementor-row\">\r\n\t\t\t\t\t<div class=\"elementor-column elementor-col-100 elementor-inner-column elementor-element elementor-element-50274bf\" data-id=\"50274bf\" data-element_type=\"column\">\n\t\t\t<div class=\"elementor-widget-wrap elementor-element-populated\">\n\t\t\t\t\t\t<div class=\"elementor-element elementor-element-66c00bd flex-horizontal-align-default flex-horizontal-align-tablet-default flex-horizontal-align-mobile-default flex-vertical-align-default flex-vertical-align-tablet-default flex-vertical-align-mobile-default elementor-widget elementor-widget-thegem-quoted-text\" data-id=\"66c00bd\" data-element_type=\"widget\" data-settings=\"{&quot;thegem_elementor_preset&quot;:&quot;style-1&quot;}\" data-widget_type=\"thegem-quoted-text.default\">\n\t\t\t\t<div class=\"elementor-widget-container\">\n\t\t\t<div class=\"gem-quote gem-quote-style-1 default-background\">\n\t<blockquote class=\"gem-text-output\">\u201cEs justamente lo que esperaba, una buena introducci\u00f3n a lo que es la electromovilidad, un tema que como docentes estamos aun en pa\u00f1ales y debemos estar capacitados. Esta es una verdadera oportunidad para hacer eso\u201d<\/blockquote>\n<\/div>\n\t\t<\/div>\n\t\t\t\t<\/div>\n\t\t\t\t\t<\/div>\n\t\t<\/div>\n\t\t\t\t\t<\/div><\/div>\r\n\t\t<\/section>\r\n\t\t\t\t<section class=\"elementor-section elementor-inner-section elementor-element elementor-element-6e03b6c elementor-section-boxed elementor-section-height-default elementor-section-height-default\" data-id=\"6e03b6c\" data-element_type=\"section\">\r\n\t\t\t\t\t\t<div class=\"elementor-container elementor-column-gap-thegem\"><div class=\"elementor-row\">\r\n\t\t\t\t\t<div class=\"elementor-column elementor-col-50 elementor-inner-column elementor-element elementor-element-a8a0a28\" data-id=\"a8a0a28\" data-element_type=\"column\">\n\t\t\t<div class=\"elementor-widget-wrap elementor-element-populated\">\n\t\t\t\t\t\t<div class=\"elementor-element elementor-element-35847e8 flex-horizontal-align-default flex-horizontal-align-tablet-default flex-horizontal-align-mobile-default flex-vertical-align-default flex-vertical-align-tablet-default flex-vertical-align-mobile-default elementor-widget elementor-widget-image\" data-id=\"35847e8\" data-element_type=\"widget\" data-widget_type=\"image.default\">\n\t\t\t\t<div class=\"elementor-widget-container\">\n\t\t\t\t\t\t\t\t\t\t\t\t\t<img width=\"233\" height=\"300\" src=\"https:\/\/chiledual.cl\/web2024\/wp-content\/uploads\/2024\/07\/electro-mayo-tirapegui-scaled-e1717172272174-233x300-1.jpg\" class=\"attachment-large size-large wp-image-1582\" alt=\"\" \/>\t\t\t\t\t\t\t\t\t\t\t\t\t<\/div>\n\t\t\t\t<\/div>\n\t\t\t\t\t<\/div>\n\t\t<\/div>\n\t\t\t\t<div class=\"elementor-column elementor-col-50 elementor-inner-column elementor-element elementor-element-d2649e6\" data-id=\"d2649e6\" data-element_type=\"column\">\n\t\t\t<div class=\"elementor-widget-wrap elementor-element-populated\">\n\t\t\t\t\t\t<div class=\"elementor-element elementor-element-d66c14e flex-horizontal-align-default flex-horizontal-align-tablet-default flex-horizontal-align-mobile-default flex-vertical-align-default flex-vertical-align-tablet-default flex-vertical-align-mobile-default elementor-widget elementor-widget-text-editor\" data-id=\"d66c14e\" data-element_type=\"widget\" data-widget_type=\"text-editor.default\">\n\t\t\t\t<div class=\"elementor-widget-container\">\n\t\t\t\t\t\t\t\t\t\t<div class=\"elementor-text-editor elementor-clearfix\">\r\n\t\t\t\t\t\tEnrique Tirapegui, profesor del Liceo Industrial Benjamin Franklin, de Quinta Normal, ya hab\u00eda pasado por la experiencia en 2022, y en esta ocasi\u00f3n destac\u00f3 la mejora a nivel t\u00e9cnico. \u201cEs justamente lo que esperaba, una buena introducci\u00f3n a lo que es la electromovilidad, un tema que como docentes estamos aun en pa\u00f1ales y debemos estar capacitados. Esta es una verdadera oportunidad para hacer eso\u201d.\n\nSobre la colaboraci\u00f3n entre liceos y empresas, Tirapegui se\u00f1ala que \u201ces un tremendo aporte, ah\u00ed es donde est\u00e1 la tecnolog\u00eda, los veh\u00edculos, los recursos, que es algo que siempre escasea en los liceos\u201d.\nPor parte de Astara, Juan Ram\u00edrez, uno de los coordinadores del programa dual y la vinculaci\u00f3n con los liceos, se\u00f1ala que en esta ocasi\u00f3n se nota sobretodo un mayor entusiasmo de los profesores \u201cEllos reconocen esto como algo nuevo e innovador, y se nota su entusiasmo en las preguntas, en su curiosidad con los nuevos veh\u00edculos\u201d.\n\nEsta es una de varias maneras en que Astara se relaciona con liceos, donde tambi\u00e9n participan en Consejos Asesores, Formaci\u00f3n Dual, charlas, donaci\u00f3n de equipos, entre otras formas de colaboraci\u00f3n.\n\nFundaci\u00f3n Chile Dual tambi\u00e9n continuar\u00e1 trabajando para brindar estas actualizaciones docentes en distintas especialidades a lo largo del pa\u00eds.\t\t\t\t\t\t\t<\/div>\r\n\t\t\t\t\t\t\t\t<\/div>\n\t\t\t\t<\/div>\n\t\t\t\t\t<\/div>\n\t\t<\/div>\n\t\t\t\t\t<\/div><\/div>\r\n\t\t<\/section>\r\n\t\t\t\t\t<\/div>\n\t\t<\/div>\n\t\t\t\t\t<\/div><\/div>\r\n\t\t<\/section>\r\n\t\t\t\t<\/div>\n\t\t","protected":false},"excerpt":{"rendered":"<p>Como parte del compromiso de apoyar la educaci\u00f3n T\u00e9cnica Profesional que la empresa Astara mantiene hace m\u00e1s de 10 a\u00f1os, abri\u00f3 sus puertas una vez m\u00e1s para recibir docentes y entregar herramientas y conocimientos actuales para que sean traspasados a sus estudiantes<\/p>\n","protected":false},"author":3,"featured_media":1578,"comment_status":"closed","ping_status":"closed","sticky":false,"template":"single-fullwidth.php","format":"standard","meta":{"_monsterinsights_skip_tracking":false,"_monsterinsights_sitenote_active":false,"_monsterinsights_sitenote_note":"","_monsterinsights_sitenote_category":0,"footnotes":""},"categories":[19],"tags":[],"class_list":{"0":"post-1577","1":"post","2":"type-post","3":"status-publish","4":"format-standard","5":"has-post-thumbnail","7":"category-capacitaciones"},"menu_order":0,"_links":{"self":[{"href":"https:\/\/chiledual.cl\/web2024\/wp-json\/wp\/v2\/posts\/1577","targetHints":{"allow":["GET"]}}],"collection":[{"href":"https:\/\/chiledual.cl\/web2024\/wp-json\/wp\/v2\/posts"}],"about":[{"href":"https:\/\/chiledual.cl\/web2024\/wp-json\/wp\/v2\/types\/post"}],"author":[{"embeddable":true,"href":"https:\/\/chiledual.cl\/web2024\/wp-json\/wp\/v2\/users\/3"}],"replies":[{"embeddable":true,"href":"https:\/\/chiledual.cl\/web2024\/wp-json\/wp\/v2\/comments?post=1577"}],"version-history":[{"count":4,"href":"https:\/\/chiledual.cl\/web2024\/wp-json\/wp\/v2\/posts\/1577\/revisions"}],"predecessor-version":[{"id":1585,"href":"https:\/\/chiledual.cl\/web2024\/wp-json\/wp\/v2\/posts\/1577\/revisions\/1585"}],"wp:featuredmedia":[{"embeddable":true,"href":"https:\/\/chiledual.cl\/web2024\/wp-json\/wp\/v2\/media\/1578"}],"wp:attachment":[{"href":"https:\/\/chiledual.cl\/web2024\/wp-json\/wp\/v2\/media?parent=1577"}],"wp:term":[{"taxonomy":"category","embeddable":true,"href":"https:\/\/chiledual.cl\/web2024\/wp-json\/wp\/v2\/categories?post=1577"},{"taxonomy":"post_tag","embeddable":true,"href":"https:\/\/chiledual.cl\/web2024\/wp-json\/wp\/v2\/tags?post=1577"}],"curies":[{"name":"wp","href":"https:\/\/api.w.org\/{rel}","templated":true}]}}