{"id":2808,"date":"2026-04-21T14:04:03","date_gmt":"2026-04-21T14:04:03","guid":{"rendered":"https:\/\/chiledual.cl\/web2024\/?p=2808"},"modified":"2026-04-21T14:04:38","modified_gmt":"2026-04-21T14:04:38","slug":"la-oportunidad-que-cambia-una-historia-como-la-formacion-dual-esta-rompiendo-el-circulo-de-la-pobreza-en-miles-de-jovenes","status":"publish","type":"post","link":"https:\/\/chiledual.cl\/web2024\/la-oportunidad-que-cambia-una-historia-como-la-formacion-dual-esta-rompiendo-el-circulo-de-la-pobreza-en-miles-de-jovenes\/","title":{"rendered":"La oportunidad que cambia una historia: c\u00f3mo la Formaci\u00f3n Dual est\u00e1 rompiendo el c\u00edrculo de la pobreza en miles de j\u00f3venes"},"content":{"rendered":"\t\t<div data-elementor-type=\"wp-post\" data-elementor-id=\"2808\" class=\"elementor elementor-2808\">\n\t\t\t\t\t\t<section class=\"elementor-section elementor-top-section elementor-element elementor-element-4f8c133 elementor-section-boxed elementor-section-height-default elementor-section-height-default\" data-id=\"4f8c133\" data-element_type=\"section\">\r\n\t\t\t\t\t\t<div class=\"elementor-container elementor-column-gap-thegem\"><div class=\"elementor-row\">\r\n\t\t\t\t\t<div class=\"elementor-column elementor-col-100 elementor-top-column elementor-element elementor-element-6d4891c\" data-id=\"6d4891c\" data-element_type=\"column\">\n\t\t\t<div class=\"elementor-widget-wrap elementor-element-populated\">\n\t\t\t\t\t\t<div class=\"elementor-element elementor-element-3b3d7e3 flex-horizontal-align-default flex-horizontal-align-tablet-default flex-horizontal-align-mobile-default flex-vertical-align-default flex-vertical-align-tablet-default flex-vertical-align-mobile-default elementor-widget elementor-widget-text-editor\" data-id=\"3b3d7e3\" data-element_type=\"widget\" data-widget_type=\"text-editor.default\">\n\t\t\t\t<div class=\"elementor-widget-container\">\n\t\t\t<style>\/*! elementor - v3.22.0 - 26-06-2024 *\/\n.elementor-widget-text-editor.elementor-drop-cap-view-stacked .elementor-drop-cap{background-color:#69727d;color:#fff}.elementor-widget-text-editor.elementor-drop-cap-view-framed .elementor-drop-cap{color:#69727d;border:3px solid;background-color:transparent}.elementor-widget-text-editor:not(.elementor-drop-cap-view-default) .elementor-drop-cap{margin-top:8px}.elementor-widget-text-editor:not(.elementor-drop-cap-view-default) .elementor-drop-cap-letter{width:1em;height:1em}.elementor-widget-text-editor .elementor-drop-cap{float:left;text-align:center;line-height:1;font-size:50px}.elementor-widget-text-editor .elementor-drop-cap-letter{display:inline-block}<\/style>\t\t\t\t\t\t\t<div class=\"elementor-text-editor elementor-clearfix\">\r\n\t\t\t\t\t\t<p>En Chile egresan cada a\u00f1o m\u00e1s de 100 mil j\u00f3venes de liceos t\u00e9cnico-profesionales. Representan casi el 40% de la matr\u00edcula de ense\u00f1anza media y comparten una realidad muy marcada: provienen, en su mayor\u00eda, de familias donde la pobreza y la informalidad laboral se han transmitido de generaci\u00f3n en generaci\u00f3n.<\/p><p>Para ellos, la educaci\u00f3n t\u00e9cnico-profesional no es una segunda opci\u00f3n. Es, muchas veces, la primera oportunidad concreta de cambiar el destino de una familia. Sin embargo, esta educaci\u00f3n todav\u00eda carga un prejuicio profundo. Se la sigue mirando como \u201cel hermano pobre\u201d de la ense\u00f1anza cient\u00edfico-humanista: una educaci\u00f3n con l\u00edmites, con menos prestigio y con un techo m\u00e1s bajo.<\/p><p>Hace diez a\u00f1os, <strong>Fundaci\u00f3n Chile Dual<\/strong> naci\u00f3 justamente para enfrentar esa idea. Desde entonces, la fundaci\u00f3n ha trabajado vinculando liceos t\u00e9cnico-profesionales con empresas de distintos rubros a lo largo del pa\u00eds, convencida de que cuando la educaci\u00f3n y el mundo productivo se encuentran a tiempo, las trayectorias de los j\u00f3venes cambian de manera radical.<\/p><p>Hoy, Fundaci\u00f3n Chile Dual es una instituci\u00f3n reconocida por su trabajo en la educaci\u00f3n media t\u00e9cnico-profesional. En estos diez a\u00f1os ha acompa\u00f1ado a decenas de liceos, miles de estudiantes, m\u00faltiples especialidades y empresas en distintas regiones del pa\u00eds, produciendo cambios positivos en las vidas de los j\u00f3venes y sus familias. Para muchas de ellas, ese estudiante puede convertirse en la primera persona con trabajo formal. Las cifras lo muestran con claridad: un estudiante que egresa de la educaci\u00f3n media t\u00e9cnico-profesional obtiene, en promedio, ingresos un 41% m\u00e1s altos que los otros miembros de su familia<em>. \u00a0(Informe \u201cEducaci\u00f3n y formaci\u00f3n t\u00e9cnico-profesional en Am\u00e9rica Latina en el marco de la digitalizaci\u00f3n\u201d CEPAL, 2026)<\/em><\/p><p>Por eso el trabajo de Fundaci\u00f3n Chile Dual impacta a los estudiantes tempranamente, donde participan en charlas y visitas a empresas, certificaciones, talleres, programas de pasant\u00edas y, especialmente, formaci\u00f3n dual: una modalidad que alterna el aprendizaje en el liceo con la experiencia directa en una empresa.<\/p><p>La diferencia es enorme. Mientras otros j\u00f3venes conocen el mundo laboral reci\u00e9n al terminar sus estudios, los estudiantes de formaci\u00f3n dual llegan con experiencia, redes, habilidades transversales y una comprensi\u00f3n mucho m\u00e1s concreta sobre el mundo del trabajo.<\/p><p>Y eso importa especialmente en un contexto en que el curr\u00edculum t\u00e9cnico-profesional todav\u00eda avanza m\u00e1s lento que los cambios del mercado laboral. Aunque hoy est\u00e1 en proceso de modernizaci\u00f3n, gran parte de sus contenidos sigue respondiendo a una l\u00f3gica construida hace m\u00e1s de una d\u00e9cada, en 2013, en \u00e1reas donde la tecnolog\u00eda y los oficios cambian a una velocidad vertiginosa.<\/p><p>La conexi\u00f3n con las empresas permite cerrar esa brecha. Son ellas las que muestran qu\u00e9 herramientas se usan hoy, qu\u00e9 habilidades se necesitan y cu\u00e1les son los trabajos que existir\u00e1n ma\u00f1ana. Al revisar el camino recorrido en estos diez a\u00f1os de trabajo, Fundaci\u00f3n Chile Dual ha vuelto a encontrarse con j\u00f3venes que pasaron por sus programas. Algunos hoy son supervisores, t\u00e9cnicos especializados, encargados de \u00e1rea o incluso profesionales que siguieron estudiando. Todos tienen trayectorias distintas, pero para cada uno hubo un momento en que alguien les abri\u00f3 una puerta y, en consecuencia, el mundo.<\/p><p>Cuando la educaci\u00f3n t\u00e9cnico-profesional est\u00e1 bien guiada y conectada con oportunidades reales, no tiene un techo bajo.<\/p><p>Tiene la capacidad de cambiar una vida completa.<\/p>\t\t\t\t\t\t\t<\/div>\r\n\t\t\t\t\t\t\t\t<\/div>\n\t\t\t\t<\/div>\n\t\t\t\t\t<\/div>\n\t\t<\/div>\n\t\t\t\t\t<\/div><\/div>\r\n\t\t<\/section>\r\n\t\t\t\t<\/div>\n\t\t","protected":false},"excerpt":{"rendered":"<p>En Chile egresan cada a\u00f1o m\u00e1s de 100 mil j\u00f3venes de liceos t\u00e9cnico-profesionales. Representan casi el 40% de la matr\u00edcula de ense\u00f1anza media y comparten una realidad muy marcada<\/p>\n","protected":false},"author":3,"featured_media":2810,"comment_status":"open","ping_status":"closed","sticky":false,"template":"single-fullwidth.php","format":"standard","meta":{"_monsterinsights_skip_tracking":false,"_monsterinsights_sitenote_active":false,"_monsterinsights_sitenote_note":"","_monsterinsights_sitenote_category":0,"footnotes":""},"categories":[78],"tags":[84,85,82,73,83],"class_list":{"0":"post-2808","1":"post","2":"type-post","3":"status-publish","4":"format-standard","5":"has-post-thumbnail","7":"category-opinion","8":"tag-cepal","9":"tag-desarrollo","10":"tag-educacion-2","11":"tag-empresas","12":"tag-pobreza-2"},"menu_order":0,"_links":{"self":[{"href":"https:\/\/chiledual.cl\/web2024\/wp-json\/wp\/v2\/posts\/2808","targetHints":{"allow":["GET"]}}],"collection":[{"href":"https:\/\/chiledual.cl\/web2024\/wp-json\/wp\/v2\/posts"}],"about":[{"href":"https:\/\/chiledual.cl\/web2024\/wp-json\/wp\/v2\/types\/post"}],"author":[{"embeddable":true,"href":"https:\/\/chiledual.cl\/web2024\/wp-json\/wp\/v2\/users\/3"}],"replies":[{"embeddable":true,"href":"https:\/\/chiledual.cl\/web2024\/wp-json\/wp\/v2\/comments?post=2808"}],"version-history":[{"count":5,"href":"https:\/\/chiledual.cl\/web2024\/wp-json\/wp\/v2\/posts\/2808\/revisions"}],"predecessor-version":[{"id":2815,"href":"https:\/\/chiledual.cl\/web2024\/wp-json\/wp\/v2\/posts\/2808\/revisions\/2815"}],"wp:featuredmedia":[{"embeddable":true,"href":"https:\/\/chiledual.cl\/web2024\/wp-json\/wp\/v2\/media\/2810"}],"wp:attachment":[{"href":"https:\/\/chiledual.cl\/web2024\/wp-json\/wp\/v2\/media?parent=2808"}],"wp:term":[{"taxonomy":"category","embeddable":true,"href":"https:\/\/chiledual.cl\/web2024\/wp-json\/wp\/v2\/categories?post=2808"},{"taxonomy":"post_tag","embeddable":true,"href":"https:\/\/chiledual.cl\/web2024\/wp-json\/wp\/v2\/tags?post=2808"}],"curies":[{"name":"wp","href":"https:\/\/api.w.org\/{rel}","templated":true}]}}